{"id":13324,"date":"2019-01-29T18:19:51","date_gmt":"2019-01-29T17:19:51","guid":{"rendered":"http:\/\/www.cen.pt\/blog\/?p=13324"},"modified":"2021-09-29T13:36:07","modified_gmt":"2021-09-29T12:36:07","slug":"tendencias-da-moda-cabelos-2019","status":"publish","type":"post","link":"https:\/\/www.cen.pt\/blog\/2019\/01\/29\/tendencias-da-moda-cabelos-2019\/","title":{"rendered":"Tend\u00eancias da moda para cabelos em 2019"},"content":{"rendered":"<p>As tend\u00eancias da moda para cabelos neste novo ano, mant\u00eam-se bastante variadas, indo ao encontro de (quase) todos os gostos.&nbsp;Para as mulheres que procuram acompanhar a moda a n\u00edvel de cabelos \u00e9 bom porque ser\u00e1 f\u00e1cil adaptarem-se, mas quem quer fazer mudan\u00e7as radicais tamb\u00e9m encontrar\u00e1 um leque de op\u00e7\u00f5es que lhe permitir\u00e1&nbsp;escolher um visual moderno e arrojado.<br \/>\nOs loiros com as ra\u00edzes esfumadas (em tons naturais) constituem uma das tend\u00eancias que marca a \u00e9poca, pelo que se \u00e9 esta a sua cor preferida, pode continuar a apostar nela. Por outro lado, os tons morenos iluminados e os ruivos n\u00e3o deixam de ser op\u00e7\u00f5es perfeitamente atuais. Acentua-se por outro lado a prefer\u00eancia por cores monocrom\u00e1ticas, sem madeixas e com tons fechados, ou seja por um cabelo cada vez mais natural.<br \/>\nEm rela\u00e7\u00e3o ao tipo de cortes, para 2019 espera-se que sejam os curtos, como o <em>Pixie<\/em> e o <em>Short Bob<\/em> a marcar as tend\u00eancias, em modelos assim\u00e9tricos. O comprimento pode ser ao n\u00edvel da linha do queixo, corte escalado numa base reta, mas com um look arredondado. Estes s\u00e3o cortes muito pr\u00e1ticos, que ganham cada vez mais adeptas, pelo seu visual atrevido e moderno e porque s\u00e3o, de facto, f\u00e1ceis de cuidar no dia-a-dia.<br \/>\nO <em>Long Bob<\/em>, uma variante do corte m\u00e9dio, ser\u00e1 uma boa op\u00e7\u00e3o para cabelos com ondas e carac\u00f3is, que se adaptam bem a este tipo de corte.<br \/>\nEm rela\u00e7\u00e3o aos cortes longos, para cabelos lisos, eles v\u00e3o usar-se bastante escadeados e em camadas.<br \/>\nPara dar movimento e leveza, quer em cortes longos quer em cortes compridos, as pontas repicadas constituem o recurso para conferir esse efeito. Ainda compat\u00edvel com cortes longos, assim como com cortes curtos, vamos ter as franjas, que voltam em for\u00e7a e podem ser mais longas de um dos lados, usando-se com risca ao meio.<br \/>\nNo caso dos cabelos com carac\u00f3is, eles devem ser muito bem cuidados e devem usar-se bem definidos com texturizantes (espumas e outros produtos adequados \u00e0 defini\u00e7\u00e3o de carac\u00f3is), devendo optar-se por cortes m\u00e9dios, pois os curtos tendem a conferir-lhe demasiado volume e \u201crebeldia\u201d.<br \/>\nRelativamente aos penteados, as ondas e os cabelos naturais continuar\u00e3o a estar atuais e a marcar as prefer\u00eancias dos cabeleireiros.<\/p>\n<p>Quer saber mais sobre este assunto?&#8230; Visite as Escolas de Cabeleireiro <a href=\"https:\/\/www.cen.pt\/\">CEN<\/a>, aprenda com os nossos profissionais ou experimente um novo visual nas nossas aulas de Atendimento ao P\u00fablico \ud83d\ude42<\/p>\n","protected":false},"excerpt":{"rendered":"<p>As tend\u00eancias da moda para cabelos neste novo ano, mant\u00eam-se bastante variadas, indo ao encontro de (quase) todos os gostos.&nbsp;Para as mulheres que procuram acompanhar a moda a n\u00edvel de cabelos \u00e9 bom porque ser\u00e1 f\u00e1cil adaptarem-se, mas quem quer fazer mudan\u00e7as radicais tamb\u00e9m encontrar\u00e1 um leque de op\u00e7\u00f5es que lhe permitir\u00e1&nbsp;escolher um visual moderno&nbsp;<a href=\"https:\/\/www.cen.pt\/blog\/2019\/01\/29\/tendencias-da-moda-cabelos-2019\/\" class=\"read-more\">Continue Reading<\/a><\/p>\n","protected":false},"author":4,"featured_media":13325,"comment_status":"open","ping_status":"open","sticky":false,"template":"","format":"standard","meta":{"footnotes":""},"categories":[52,38],"tags":[123,219,218,429,78],"class_list":["post-13324","post","type-post","status-publish","format-standard","has-post-thumbnail","hentry","category-formacao-em-cabeleireiro","category-formacoes","tag-cabelos","tag-coloracao","tag-corte","tag-moda-2019","tag-tendencias","cat-52-id","cat-38-id"],"_links":{"self":[{"href":"https:\/\/www.cen.pt\/blog\/wp-json\/wp\/v2\/posts\/13324","targetHints":{"allow":["GET"]}}],"collection":[{"href":"https:\/\/www.cen.pt\/blog\/wp-json\/wp\/v2\/posts"}],"about":[{"href":"https:\/\/www.cen.pt\/blog\/wp-json\/wp\/v2\/types\/post"}],"author":[{"embeddable":true,"href":"https:\/\/www.cen.pt\/blog\/wp-json\/wp\/v2\/users\/4"}],"replies":[{"embeddable":true,"href":"https:\/\/www.cen.pt\/blog\/wp-json\/wp\/v2\/comments?post=13324"}],"version-history":[{"count":0,"href":"https:\/\/www.cen.pt\/blog\/wp-json\/wp\/v2\/posts\/13324\/revisions"}],"wp:featuredmedia":[{"embeddable":true,"href":"https:\/\/www.cen.pt\/blog\/wp-json\/wp\/v2\/media\/13325"}],"wp:attachment":[{"href":"https:\/\/www.cen.pt\/blog\/wp-json\/wp\/v2\/media?parent=13324"}],"wp:term":[{"taxonomy":"category","embeddable":true,"href":"https:\/\/www.cen.pt\/blog\/wp-json\/wp\/v2\/categories?post=13324"},{"taxonomy":"post_tag","embeddable":true,"href":"https:\/\/www.cen.pt\/blog\/wp-json\/wp\/v2\/tags?post=13324"}],"curies":[{"name":"wp","href":"https:\/\/api.w.org\/{rel}","templated":true}]}}