{"id":13008,"date":"2017-04-23T10:49:18","date_gmt":"2017-04-23T09:49:18","guid":{"rendered":"http:\/\/cen.pt\/blog\/?p=13008"},"modified":"2021-09-29T13:35:04","modified_gmt":"2021-09-29T12:35:04","slug":"penteados-artisticos","status":"publish","type":"post","link":"https:\/\/www.cen.pt\/blog\/2017\/04\/23\/penteados-artisticos\/","title":{"rendered":"Penteados art\u00edsticos"},"content":{"rendered":"<p>No mundo dos cabelos, h\u00e1 alguns trabalhos que podem transformar radicalmente o visual de uma pessoa. O penteado \u00e9 uma delas.<br \/>\nQuando temos uma festa, um evento, alguma ocasi\u00e3o especial, tentamos sempre que o nosso cabelo esteja no seu melhor: cortamos, damos cor&#8230; mas se queremos ter um <em>look<\/em> ainda mais especial, um penteado bem elaborado \u00e9 o que nos vai tornar a estrela da festa.<br \/>\nEntre esses eventos, o mais \u00f3bvio \u00e9 o casamento &#8211; n\u00e3o h\u00e1 mulher nenhuma que para o seu casamento n\u00e3o fa\u00e7a um penteado especial, com ensaio pr\u00e9vio, experi\u00eancias com acess\u00f3rios, muitas vezes ap\u00f3s se deixar, pacientemente, crescer o cabelo durante os meses que precedem o grande dia.<br \/>\nPor outro lado, est\u00e3o de novo em voga os bailes de finalistas e, embora nos tempos que correm estes bailes n\u00e3o tenham o <em>glamour<\/em> de outros tempos, e os ritmos e dan\u00e7as sejam muito diferentes dos antigos bailes, a escolha do vestido e do penteado continuam a ser das principais preocupa\u00e7\u00f5es das raparigas.<\/p>\n<p>Al\u00e9m destes, em jantares de gala e em outros eventos sociais ou de fam\u00edlia, um cabelo bem penteado e trabalhado de forma original marca a import\u00e2ncia do momento. As ocasi\u00f5es especiais determinam o tipo de penteados, s\u00e3o os chamados penteados de circunst\u00e2ncia.<\/p>\n<p>O penteado deve sempre ser adequado \u00e0 cliente, \u00e0 sua fisionomia, formato de rosto, ao tamanho e tipo de cabelo que tem, \u00e0 idade e personalidade, \u00e0 roupa que escolheu para a ocasi\u00e3o e ao evento a que se destina, tendo em aten\u00e7\u00e3o a hora do dia em que se vai realizar, e, naturalmente, \u00e0 moda e ao gosto da cliente.<\/p>\n<p>Pode ainda ser enriquecido com acess\u00f3rios, que poder\u00e3o torna-lo mais original e memor\u00e1vel. Entre fitas, ganchos, tiaras e outros adere\u00e7os, um simples apanhado transforma-se num penteado super elegante e glamoroso. A banana cl\u00e1ssica, o coque e as tran\u00e7as (que podem ter formatos muito variados e originais) constituem sempre op\u00e7\u00f5es cheias de charme.<\/p>\n<p>Um profissional de cabelos deve aliar \u00e0 destreza manual e \u00e0 criatividade, o desenvolvimento de compet\u00eancias t\u00e9cnicas que possam garantir bons resultados tanto nos penteados comuns como nos penteados de circunst\u00e2ncia. Dominar essas t\u00e9cnicas poder\u00e1 ser uma forma de dinamizar e fazer crescer o neg\u00f3cio de qualquer cabeleireiro! Saiba mais em <a href=\"https:\/\/www.cen.pt\/cursos\/cursos-cabeleireiro\/\">www.cen.pt<\/a><\/p>\n","protected":false},"excerpt":{"rendered":"<p>No mundo dos cabelos, h\u00e1 alguns trabalhos que podem transformar radicalmente o visual de uma pessoa. O penteado \u00e9 uma delas. Quando temos uma festa, um evento, alguma ocasi\u00e3o especial, tentamos sempre que o nosso cabelo esteja no seu melhor: cortamos, damos cor&#8230; mas se queremos ter um look ainda mais especial, um penteado bem&nbsp;<a href=\"https:\/\/www.cen.pt\/blog\/2017\/04\/23\/penteados-artisticos\/\" class=\"read-more\">Continue Reading<\/a><\/p>\n","protected":false},"author":4,"featured_media":13009,"comment_status":"open","ping_status":"open","sticky":false,"template":"","format":"standard","meta":{"footnotes":""},"categories":[52,38],"tags":[123,119,250,251],"class_list":["post-13008","post","type-post","status-publish","format-standard","has-post-thumbnail","hentry","category-formacao-em-cabeleireiro","category-formacoes","tag-cabelos","tag-penteados","tag-penteados-artisticos","tag-penteados-de-circunstancia","cat-52-id","cat-38-id"],"_links":{"self":[{"href":"https:\/\/www.cen.pt\/blog\/wp-json\/wp\/v2\/posts\/13008","targetHints":{"allow":["GET"]}}],"collection":[{"href":"https:\/\/www.cen.pt\/blog\/wp-json\/wp\/v2\/posts"}],"about":[{"href":"https:\/\/www.cen.pt\/blog\/wp-json\/wp\/v2\/types\/post"}],"author":[{"embeddable":true,"href":"https:\/\/www.cen.pt\/blog\/wp-json\/wp\/v2\/users\/4"}],"replies":[{"embeddable":true,"href":"https:\/\/www.cen.pt\/blog\/wp-json\/wp\/v2\/comments?post=13008"}],"version-history":[{"count":0,"href":"https:\/\/www.cen.pt\/blog\/wp-json\/wp\/v2\/posts\/13008\/revisions"}],"wp:featuredmedia":[{"embeddable":true,"href":"https:\/\/www.cen.pt\/blog\/wp-json\/wp\/v2\/media\/13009"}],"wp:attachment":[{"href":"https:\/\/www.cen.pt\/blog\/wp-json\/wp\/v2\/media?parent=13008"}],"wp:term":[{"taxonomy":"category","embeddable":true,"href":"https:\/\/www.cen.pt\/blog\/wp-json\/wp\/v2\/categories?post=13008"},{"taxonomy":"post_tag","embeddable":true,"href":"https:\/\/www.cen.pt\/blog\/wp-json\/wp\/v2\/tags?post=13008"}],"curies":[{"name":"wp","href":"https:\/\/api.w.org\/{rel}","templated":true}]}}