{"id":12784,"date":"2016-11-10T16:47:08","date_gmt":"2016-11-10T15:47:08","guid":{"rendered":"http:\/\/cen.pt\/blog\/?p=12784"},"modified":"2021-09-29T14:12:33","modified_gmt":"2021-09-29T13:12:33","slug":"descubra-tipo-de-pele","status":"publish","type":"post","link":"https:\/\/www.cen.pt\/blog\/2016\/11\/10\/descubra-tipo-de-pele\/","title":{"rendered":"Descubra o seu tipo de pele"},"content":{"rendered":"<p>Conhecer o seu tipo de pele \u00e9 fundamental para conseguir tomar a decis\u00e3o acertada ao escolher que produtos utilizar, pois cada pele tem caracter\u00edsticas particulares, que requerem cuidados diferentes, de acordo com as suas necessidades.<\/p>\n<p>Se j\u00e1 sabe o que caracteriza os diferentes tipos de pele, mas n\u00e3o conseguiu identificar qual o seu, deixamos uma dica que a pode ajudar: ao acordar de manh\u00e3, limpe o rosto com um len\u00e7o seco e analise-o.<\/p>\n<p><strong>Pele Normal:<\/strong> o len\u00e7o ficou seco, sem \u00f3leo. Sente a pele do rosto confort\u00e1vel, fresca e el\u00e1stica.<\/p>\n<p><strong>Pele Oleosa:<\/strong> o len\u00e7o ficou com \u00f3leo (manchas transparentes) ao passar por toda a zona do rosto, principalmente nas zonas onde h\u00e1 mais excesso de \u00f3leo como na testa, nariz e queixo.<\/p>\n<p><strong>Pele Mista:<\/strong> o len\u00e7o ficou com \u00f3leo (manchas transparentes) ao passar apenas nas zonas da testa, nariz e queixo.<\/p>\n<p><strong>Pele Seca:<\/strong> o len\u00e7o ficou seco, sem \u00f3leo. Ao contrario da pele normal, sente a pele do rosto desconfort\u00e1vel, a <strong>repuxar, com pouca elasticidade e at\u00e9 mesmo \u00e1spera.<\/strong><\/p>\n<p><strong>Pele sens\u00edvel:<\/strong> dependendo se a pele \u00e9 seca ou oleosa, o len\u00e7o pode ficar seco ou com \u00f3leo, respectivamente. A pele ser\u00e1 sens\u00edvel se sentir desconforto, ardor, picadas ou vermelhid\u00e3o.<br \/>\nO CEN sugere-lhe os produtos disponibilizadas da linha&nbsp;<a href=\"https:\/\/pt.babor.com\/products\/overview\/\">Skinovage<\/a>, da marca <a href=\"https:\/\/pt.babor.com\/\">BABOR<\/a> &#8211; uma marca de cosm\u00e9tica profissional, com produtos especializados e adequados aos cinco tipos de pele.<\/p>\n","protected":false},"excerpt":{"rendered":"<p>Conhecer o seu tipo de pele \u00e9 fundamental para conseguir tomar a decis\u00e3o acertada ao escolher que produtos utilizar, pois cada pele tem caracter\u00edsticas particulares, que requerem cuidados diferentes, de acordo com as suas necessidades. Se j\u00e1 sabe o que caracteriza os diferentes tipos de pele, mas n\u00e3o conseguiu identificar qual o seu, deixamos uma&nbsp;<a href=\"https:\/\/www.cen.pt\/blog\/2016\/11\/10\/descubra-tipo-de-pele\/\" class=\"read-more\">Continue Reading<\/a><\/p>\n","protected":false},"author":4,"featured_media":12785,"comment_status":"open","ping_status":"open","sticky":false,"template":"","format":"image","meta":{"footnotes":""},"categories":[66,1],"tags":[68,59,105],"class_list":["post-12784","post","type-post","status-publish","format-image","has-post-thumbnail","hentry","category-babor","category-sem-categoria","tag-babor","tag-cen","tag-cuidadoscomapele","post_format-post-format-image","cat-66-id","cat-1-id"],"_links":{"self":[{"href":"https:\/\/www.cen.pt\/blog\/wp-json\/wp\/v2\/posts\/12784","targetHints":{"allow":["GET"]}}],"collection":[{"href":"https:\/\/www.cen.pt\/blog\/wp-json\/wp\/v2\/posts"}],"about":[{"href":"https:\/\/www.cen.pt\/blog\/wp-json\/wp\/v2\/types\/post"}],"author":[{"embeddable":true,"href":"https:\/\/www.cen.pt\/blog\/wp-json\/wp\/v2\/users\/4"}],"replies":[{"embeddable":true,"href":"https:\/\/www.cen.pt\/blog\/wp-json\/wp\/v2\/comments?post=12784"}],"version-history":[{"count":0,"href":"https:\/\/www.cen.pt\/blog\/wp-json\/wp\/v2\/posts\/12784\/revisions"}],"wp:featuredmedia":[{"embeddable":true,"href":"https:\/\/www.cen.pt\/blog\/wp-json\/wp\/v2\/media\/12785"}],"wp:attachment":[{"href":"https:\/\/www.cen.pt\/blog\/wp-json\/wp\/v2\/media?parent=12784"}],"wp:term":[{"taxonomy":"category","embeddable":true,"href":"https:\/\/www.cen.pt\/blog\/wp-json\/wp\/v2\/categories?post=12784"},{"taxonomy":"post_tag","embeddable":true,"href":"https:\/\/www.cen.pt\/blog\/wp-json\/wp\/v2\/tags?post=12784"}],"curies":[{"name":"wp","href":"https:\/\/api.w.org\/{rel}","templated":true}]}}