{"id":12669,"date":"2016-08-29T09:00:18","date_gmt":"2016-08-29T08:00:18","guid":{"rendered":"http:\/\/cen.pt\/blog\/?p=12669"},"modified":"2021-09-29T13:42:06","modified_gmt":"2021-09-29T12:42:06","slug":"escolher-champo-ideal","status":"publish","type":"post","link":"https:\/\/www.cen.pt\/blog\/2016\/08\/29\/escolher-champo-ideal\/","title":{"rendered":"Como escolher o champ\u00f4 ideal?"},"content":{"rendered":"<p>Escolher o champ\u00f4 ideal, nos dias de hoje, \u00e9 quase visto como uma miss\u00e3o imposs\u00edvel tendo em considera\u00e7\u00e3o toda a oferta que nos \u00e9 dada relativamente aos produtos de cuidado capilar.<\/p>\n<p>Em primeiro lugar, \u00e9 importante que conhe\u00e7a o seu cabelo e seja capaz de fazer a divis\u00e3o entre os v\u00e1rios tipos de cabelo: oleoso, seco, misto ou normal. Numa primeira an\u00e1lise \u00e9 necess\u00e1rio saber qual o seu tipo de cabelo.<\/p>\n<p>Cabelo Oleoso &#8211; as gl\u00e2ndulas seb\u00e1ceas produzem \u00f3leo em excesso deixando o cabelo pesado.<\/p>\n<p>Cabelo Seco &#8211; aqui as gl\u00e2ndulas seb\u00e1ceas n\u00e3o produzem \u00f3leo suficiente deixando o cabelo quebradi\u00e7o e sem vida.<\/p>\n<p>Cabelo Misto &#8211; uma mistura entre o cabelo oleoso e o seco em que \u00e9 mais oleoso nas ra\u00edzes e seco nas pontas.<\/p>\n<p>Cabelo Normal &#8211; \u00e9 o tipo de cabelo que todas gostar\u00edamos de ter, existe um equil\u00edbrio entre o \u00f3leo que \u00e9 produzido deixando o cabelo mais brilhante e macio.<\/p>\n<p>Sugerimos que fa\u00e7a um diagn\u00f3stico com um <a href=\"https:\/\/www.cen.pt\/cursos\/cursos-cabeleireiro\/\">profissional de cabeleireiro<\/a>, dado que a sua forma\u00e7\u00e3o permite-lhe identificar o seu tipo e estado do seu cabelo, e prescrever-lhe que champ\u00f4s, condicionadores, m\u00e1scaras, etc, pode ou n\u00e3o usar.<\/p>\n<p>Vitamina E, Queratina, Pantenol, Ceramidas, s\u00e3o termos muito utilizados no mercado, e todos os dias somos bombardeados com um novo produto no mercado, mas os cuidados profissionais s\u00e3o sempre necess\u00e1rios.<\/p>\n","protected":false},"excerpt":{"rendered":"<p>Escolher o champ\u00f4 ideal, nos dias de hoje, \u00e9 quase visto como uma miss\u00e3o imposs\u00edvel tendo em considera\u00e7\u00e3o toda a oferta que nos \u00e9 dada relativamente aos produtos de cuidado capilar. Em primeiro lugar, \u00e9 importante que conhe\u00e7a o seu cabelo e seja capaz de fazer a divis\u00e3o entre os v\u00e1rios tipos de cabelo: oleoso,&nbsp;<a href=\"https:\/\/www.cen.pt\/blog\/2016\/08\/29\/escolher-champo-ideal\/\" class=\"read-more\">Continue Reading<\/a><\/p>\n","protected":false},"author":4,"featured_media":12670,"comment_status":"open","ping_status":"open","sticky":false,"template":"","format":"image","meta":{"footnotes":""},"categories":[39,52,38],"tags":[76,59,101,61],"class_list":["post-12669","post","type-post","status-publish","format-image","has-post-thumbnail","hentry","category-dicas-de-beleza","category-formacao-em-cabeleireiro","category-formacoes","tag-cabeleireiro","tag-cen","tag-champo-ideal","tag-estetica","post_format-post-format-image","cat-39-id","cat-52-id","cat-38-id"],"_links":{"self":[{"href":"https:\/\/www.cen.pt\/blog\/wp-json\/wp\/v2\/posts\/12669","targetHints":{"allow":["GET"]}}],"collection":[{"href":"https:\/\/www.cen.pt\/blog\/wp-json\/wp\/v2\/posts"}],"about":[{"href":"https:\/\/www.cen.pt\/blog\/wp-json\/wp\/v2\/types\/post"}],"author":[{"embeddable":true,"href":"https:\/\/www.cen.pt\/blog\/wp-json\/wp\/v2\/users\/4"}],"replies":[{"embeddable":true,"href":"https:\/\/www.cen.pt\/blog\/wp-json\/wp\/v2\/comments?post=12669"}],"version-history":[{"count":0,"href":"https:\/\/www.cen.pt\/blog\/wp-json\/wp\/v2\/posts\/12669\/revisions"}],"wp:featuredmedia":[{"embeddable":true,"href":"https:\/\/www.cen.pt\/blog\/wp-json\/wp\/v2\/media\/12670"}],"wp:attachment":[{"href":"https:\/\/www.cen.pt\/blog\/wp-json\/wp\/v2\/media?parent=12669"}],"wp:term":[{"taxonomy":"category","embeddable":true,"href":"https:\/\/www.cen.pt\/blog\/wp-json\/wp\/v2\/categories?post=12669"},{"taxonomy":"post_tag","embeddable":true,"href":"https:\/\/www.cen.pt\/blog\/wp-json\/wp\/v2\/tags?post=12669"}],"curies":[{"name":"wp","href":"https:\/\/api.w.org\/{rel}","templated":true}]}}