{"id":12662,"date":"2016-08-22T09:00:07","date_gmt":"2016-08-22T08:00:07","guid":{"rendered":"http:\/\/cen.pt\/blog\/?p=12662"},"modified":"2016-08-05T11:01:20","modified_gmt":"2016-08-05T10:01:20","slug":"respeita-prazo-validade-dos-seus-cosmeticos","status":"publish","type":"post","link":"https:\/\/www.cen.pt\/blog\/2016\/08\/22\/respeita-prazo-validade-dos-seus-cosmeticos\/","title":{"rendered":"Respeita o prazo de validade dos seus cosm\u00e9ticos?"},"content":{"rendered":"<p>A maioria dos consumidores n\u00e3o se preocupa com o prazo de validade dos seus cosm\u00e9ticos, continuando a us\u00e1-los at\u00e9 terminar efectivamente o produto.<\/p>\n<p>Utilizar produtos cosm\u00e9ticos fora de validade poder\u00e1 causar irritabilidade, alergias ou infec\u00e7\u00f5es na pele. A validade do produto de cosm\u00e9tica refere-se ao conservante, o ingrediente que evita a prolifera\u00e7\u00e3o de fungos e bact\u00e9rias. \u00c9 importante respeitar os prazos de validade, para que o produto apresente os seus princ\u00edpios ativos de forma mais eficaz, e o tratamento apresente os resultados desejados.<\/p>\n<p>Todos os produtos de cosm\u00e9tica, quando n\u00e3o especificada uma data concreta de validade, apresentam um dos seguintes s\u00edmbolos, na caixa ou na pr\u00f3pria embalagem:<\/p>\n<p><a href=\"http:\/\/cen.pt\/blog\/wp-content\/uploads\/2016\/08\/17.jpg\"><img loading=\"lazy\" decoding=\"async\" class=\" wp-image-12663 aligncenter\" src=\"http:\/\/cen.pt\/blog\/wp-content\/uploads\/2016\/08\/17-300x80.jpg\" alt=\"Respeita o prazo de validade dos seus cosm\u00e9ticos\" width=\"341\" height=\"91\" srcset=\"https:\/\/www.cen.pt\/blog\/wp-content\/uploads\/2016\/08\/17-300x80.jpg 300w, https:\/\/www.cen.pt\/blog\/wp-content\/uploads\/2016\/08\/17.jpg 515w\" sizes=\"auto, (max-width: 341px) 100vw, 341px\" \/><\/a><\/p>\n<p>Estes s\u00edmbolos s\u00e3o chamados de PAO \u2013 Period After Opening , ou seja, Per\u00edodo Depois de Aberto, e \u00e9 identificado por um ou mais algarismos, seguidos de um M. O M quer dizer meses e o algarismo,\u00a0 o n\u00famero de meses que o produto tem de validade depois de aberto, mantido em condi\u00e7\u00f5es normais de conserva\u00e7\u00e3o.<\/p>\n<p>Tenha aten\u00e7\u00e3o ao frio, ao calor, \u00e0 luz solar, \u00e0 humidade, dado que s\u00e3o factores que al\u00e9m de alterarem as caracter\u00edsticas dos produtos, diminuem os prazos de validade.<\/p>\n","protected":false},"excerpt":{"rendered":"<p>A maioria dos consumidores n\u00e3o se preocupa com o prazo de validade dos seus cosm\u00e9ticos, continuando a us\u00e1-los at\u00e9 terminar efectivamente o produto. Utilizar produtos cosm\u00e9ticos fora de validade poder\u00e1 causar irritabilidade, alergias ou infec\u00e7\u00f5es na pele. A validade do produto de cosm\u00e9tica refere-se ao conservante, o ingrediente que evita a prolifera\u00e7\u00e3o de fungos e&nbsp;<a href=\"https:\/\/www.cen.pt\/blog\/2016\/08\/22\/respeita-prazo-validade-dos-seus-cosmeticos\/\" class=\"read-more\">Continue Reading<\/a><\/p>\n","protected":false},"author":4,"featured_media":12667,"comment_status":"open","ping_status":"open","sticky":false,"template":"","format":"image","meta":{"footnotes":""},"categories":[39],"tags":[59,100,61],"class_list":["post-12662","post","type-post","status-publish","format-image","has-post-thumbnail","hentry","category-dicas-de-beleza","tag-cen","tag-cosmeticos","tag-estetica","post_format-post-format-image","cat-39-id"],"_links":{"self":[{"href":"https:\/\/www.cen.pt\/blog\/wp-json\/wp\/v2\/posts\/12662","targetHints":{"allow":["GET"]}}],"collection":[{"href":"https:\/\/www.cen.pt\/blog\/wp-json\/wp\/v2\/posts"}],"about":[{"href":"https:\/\/www.cen.pt\/blog\/wp-json\/wp\/v2\/types\/post"}],"author":[{"embeddable":true,"href":"https:\/\/www.cen.pt\/blog\/wp-json\/wp\/v2\/users\/4"}],"replies":[{"embeddable":true,"href":"https:\/\/www.cen.pt\/blog\/wp-json\/wp\/v2\/comments?post=12662"}],"version-history":[{"count":0,"href":"https:\/\/www.cen.pt\/blog\/wp-json\/wp\/v2\/posts\/12662\/revisions"}],"wp:featuredmedia":[{"embeddable":true,"href":"https:\/\/www.cen.pt\/blog\/wp-json\/wp\/v2\/media\/12667"}],"wp:attachment":[{"href":"https:\/\/www.cen.pt\/blog\/wp-json\/wp\/v2\/media?parent=12662"}],"wp:term":[{"taxonomy":"category","embeddable":true,"href":"https:\/\/www.cen.pt\/blog\/wp-json\/wp\/v2\/categories?post=12662"},{"taxonomy":"post_tag","embeddable":true,"href":"https:\/\/www.cen.pt\/blog\/wp-json\/wp\/v2\/tags?post=12662"}],"curies":[{"name":"wp","href":"https:\/\/api.w.org\/{rel}","templated":true}]}}