{"id":12367,"date":"2016-02-26T10:00:07","date_gmt":"2016-02-26T10:00:07","guid":{"rendered":"http:\/\/www.cen.pt\/blog\/?p=12367"},"modified":"2016-02-16T12:59:56","modified_gmt":"2016-02-16T12:59:56","slug":"escolha-o-cabeleireiro-ideal","status":"publish","type":"post","link":"https:\/\/www.cen.pt\/blog\/2016\/02\/26\/escolha-o-cabeleireiro-ideal\/","title":{"rendered":"Escolha o cabeleireiro ideal"},"content":{"rendered":"<p>A escolha do <em>hairstylist<\/em> nunca \u00e9 tarefa f\u00e1cil, tem que ser algu\u00e9m em quem confie e saiba melhorar a sua apar\u00eancia, o que consequentemente ir\u00e1 aumentar a sua auto-estima e bem-estar.<\/p>\n<p>O tempo que passa no cabeleireiro deve ser transformado num momento de relaxamento, o especialista <em>hairstylist<\/em> tem essa mesma fun\u00e7\u00e3o, dar-lhe a confian\u00e7a necess\u00e1ria para que se sinta confort\u00e1vel e despreocupada com o resultado. Aqui ficam algumas dicas para escolher o profissional certo.<\/p>\n<p>Um factor importante \u00e9 o ambiente: limpo, arrumado e acolhedor, a come\u00e7ar pela sala de espera.<\/p>\n<p>Ainda mais importante &#8211; na verdade essencial &#8211; \u00e9 a higiene da pessoa, produtos e ferramentas: \u00e9 essencial verificar se as toalhas s\u00e3o limpas e se todas as ferramentas s\u00e3o esterilizadas. Lembre-se que um bom profissional adota sempre um comportamento profissional e adequado ao seu trabalho: n\u00e3o mastigar pastilha el\u00e1stica, vestir roupa adequada, cheiro agrad\u00e1vel, ser sempre justa e gentil com o cliente.<\/p>\n<p>Sobre a compet\u00eancia, um bom profissional deve ouvir os seus pedidos, para interpretar as suas necessidades e oferecer as melhores solu\u00e7\u00f5es para si. Ele n\u00e3o deve impor, nem oferecer solu\u00e7\u00f5es milagrosas imposs\u00edveis ou improv\u00e1veis, \u200b\u200bdeve mostrar um interesse genu\u00edno no seu bem-estar. O aconselhamento deve ser sempre atualizado sobre os mais recentes tratamentos, pois \u00e9 mais um ind\u00edcio de qualidade.<\/p>\n<p>Aten\u00e7\u00e3o \u00e0 qualifica\u00e7\u00e3o profissional e \u00e0 forma\u00e7\u00e3o regular em <em>hairstyling<\/em>, que dever\u00e1 estar sempre exposto na sala de estar, juntamente com todas as poss\u00edveis especializa\u00e7\u00f5es profissionais e as aprova\u00e7\u00f5es regulamentares obrigat\u00f3rios.<\/p>\n<p>Escolher as m\u00e3os que cuidam do seu cabelo ajudam ao descanso de todo o seu corpo.<\/p>\n<p>Fonte: <a href=\"http:\/\/bit.ly\/1Pz6MWT\">Nouvelle Esth\u00e9tique Acad\u00e9mie<\/a><\/p>\n","protected":false},"excerpt":{"rendered":"<p>A escolha do hairstylist nunca \u00e9 tarefa f\u00e1cil, tem que ser algu\u00e9m em quem confie e saiba melhorar a sua apar\u00eancia, o que consequentemente ir\u00e1 aumentar a sua auto-estima e bem-estar. O tempo que passa no cabeleireiro deve ser transformado num momento de relaxamento, o especialista hairstylist tem essa mesma fun\u00e7\u00e3o, dar-lhe a confian\u00e7a necess\u00e1ria&nbsp;<a href=\"https:\/\/www.cen.pt\/blog\/2016\/02\/26\/escolha-o-cabeleireiro-ideal\/\" class=\"read-more\">Continue Reading<\/a><\/p>\n","protected":false},"author":4,"featured_media":12368,"comment_status":"closed","ping_status":"closed","sticky":false,"template":"","format":"image","meta":{"footnotes":""},"categories":[39],"tags":[76,59,61],"class_list":["post-12367","post","type-post","status-publish","format-image","has-post-thumbnail","hentry","category-dicas-de-beleza","tag-cabeleireiro","tag-cen","tag-estetica","post_format-post-format-image","cat-39-id"],"_links":{"self":[{"href":"https:\/\/www.cen.pt\/blog\/wp-json\/wp\/v2\/posts\/12367","targetHints":{"allow":["GET"]}}],"collection":[{"href":"https:\/\/www.cen.pt\/blog\/wp-json\/wp\/v2\/posts"}],"about":[{"href":"https:\/\/www.cen.pt\/blog\/wp-json\/wp\/v2\/types\/post"}],"author":[{"embeddable":true,"href":"https:\/\/www.cen.pt\/blog\/wp-json\/wp\/v2\/users\/4"}],"replies":[{"embeddable":true,"href":"https:\/\/www.cen.pt\/blog\/wp-json\/wp\/v2\/comments?post=12367"}],"version-history":[{"count":0,"href":"https:\/\/www.cen.pt\/blog\/wp-json\/wp\/v2\/posts\/12367\/revisions"}],"wp:featuredmedia":[{"embeddable":true,"href":"https:\/\/www.cen.pt\/blog\/wp-json\/wp\/v2\/media\/12368"}],"wp:attachment":[{"href":"https:\/\/www.cen.pt\/blog\/wp-json\/wp\/v2\/media?parent=12367"}],"wp:term":[{"taxonomy":"category","embeddable":true,"href":"https:\/\/www.cen.pt\/blog\/wp-json\/wp\/v2\/categories?post=12367"},{"taxonomy":"post_tag","embeddable":true,"href":"https:\/\/www.cen.pt\/blog\/wp-json\/wp\/v2\/tags?post=12367"}],"curies":[{"name":"wp","href":"https:\/\/api.w.org\/{rel}","templated":true}]}}